{"id":833,"date":"2023-01-26T14:00:00","date_gmt":"2023-01-26T17:00:00","guid":{"rendered":"https:\/\/www.victoireimoveis.com.br\/blog\/?p=833"},"modified":"2023-02-02T14:45:04","modified_gmt":"2023-02-02T17:45:04","slug":"faria-lima","status":"publish","type":"post","link":"https:\/\/www.victoireimoveis.com.br\/blog\/faria-lima\/","title":{"rendered":"Quais as vantagens de ter uma empresa na Av. <strong>Faria Lima?<\/strong>"},"content":{"rendered":"\n<p><\/p>\n\n\n\n<p>Uma das principais avenidas da cidade de S\u00e3o Paulo e um dos centros empresariais mais respeitados da capital paulista \u00e9 a Avenida Brigadeiro Faria Lima.&nbsp;<\/p>\n\n\n\n<p>Por l\u00e1, est\u00e3o os escrit\u00f3rios do Google, da Meta (dona do Facebook) e da Red Bull, o banco alem\u00e3o Deutsche Bank, os consulados da Alemanha e dos Pa\u00edses Baixos, al\u00e9m de v\u00e1rias institui\u00e7\u00f5es financeiras, escrit\u00f3rio de advocacia, ag\u00eancias de marketing e empresas de software.<\/p>\n\n\n\n<p>E se a sua empresa tamb\u00e9m integrasse esse grupo? Quais as vantagens de sediar a corpora\u00e7\u00e3o nesta avenida? Como \u00e9 trabalhar na Faria Lima? No conte\u00fado de hoje, vamos contar a hist\u00f3ria da avenida e te mostrar os principais atrativos da regi\u00e3o.<\/p>\n\n\n\n<h2 class=\"wp-block-heading\"><strong>O que \u00e9 Faria Lima?&nbsp;<\/strong><\/h2>\n\n\n\n<p>Popularmente conhecida como Faria Lima, a Avenida Brigadeiro Faria Lima \u00e9 uma das principais avenidas da cidade de S\u00e3o Paulo e um verdadeiro centro empresarial.<\/p>\n\n\n\n<p>Com aproximadamente 5 km de extens\u00e3o, ela cruza os bairros de Itaim Bibi, Pinheiros, Jardim Europa, Vila Nova Concei\u00e7\u00e3o e Vila Ol\u00edmpia.<\/p>\n\n\n\n<p>A avenida \u00e9 ocupada por diversas lajes corporativas, pr\u00e9dios comerciais, bancos, lojas, escrit\u00f3rios de advocacia, ag\u00eancias de marketing, empresas de tecnologias, restaurantes, cafeterias e ainda pelo Shopping Iguatemi. A taxa de 94,33% dos escrit\u00f3rios localizados na Faria Lima \u00e9 a maior desde 2015, quando a multinacional Siila passou a compilar os n\u00fameros do mercado imobili\u00e1rio na Am\u00e9rica Latina, segundo uma <a href=\"https:\/\/veja.abril.com.br\/coluna\/radar-economico\/faria-lima-esta-lotada-e-ocupacao-de-escritorios-bate-recorde\/\" target=\"_blank\" rel=\"noreferrer noopener\">reportagem da Veja<\/a>.&nbsp;<\/p>\n\n\n\n<p>Nas proximidades, h\u00e1 v\u00e1rios museus, teatros e hot\u00e9is que garantem grande circula\u00e7\u00e3o de pessoas na regi\u00e3o, em todos os dias da semana, para lazer e turismo. A avenida tamb\u00e9m atrai muitas pessoas interessadas em fechar neg\u00f3cios, fazer compras e investir no mercado financeiro.<\/p>\n\n\n\n<h2 class=\"wp-block-heading\"><strong>Como surgiu a avenida Faria Lima<\/strong><\/h2>\n\n\n\n<p>Em janeiro de 1968, o ent\u00e3o prefeito de S\u00e3o Paulo, Faria Lima, promulgou uma lei que permitia a constru\u00e7\u00e3o da via. As obras foram iniciadas na sua gest\u00e3o e levaram \u00e0 desocupa\u00e7\u00e3o e demoli\u00e7\u00e3o de 100 pr\u00e9dios.&nbsp;<\/p>\n\n\n\n<p>Em 1969, o prefeito faleceu e, por causa disso, a avenida que se chamaria Radial Oeste foi batizada com seu nome na data de inaugura\u00e7\u00e3o de um dos trechos, em 1970. Nessa d\u00e9cada, a avenida mudou gradativamente sua apar\u00eancia residencial para comercial, com a instala\u00e7\u00e3o de pr\u00e9dios corporativos.<\/p>\n\n\n\n<h2 class=\"wp-block-heading\"><strong>J\u00e1 ouviu falar em \u201cFaria Limers\u201d?<\/strong><\/h2>\n\n\n\n<p>A avenida Faria Lima \u00e9 t\u00e3o movimentada e corporativa que os habitantes da regi\u00e3o ganharam um apelido. As pessoas que trabalham em estabelecimentos situados na Faria Lima foram denominadas \u201cFaria Limers\u201d em uma reportagem da Veja, de 2019, que tra\u00e7ou o perfil desses profissionais.<\/p>\n\n\n\n<p>De acordo com a reportagem, os Faria Limers s\u00e3o profissionais, empres\u00e1rios e investidores bem sucedidos, com altos sal\u00e1rios e vestu\u00e1rio de alto padr\u00e3o. Geralmente, usam terno e se locomovem pela avenida de patinete ou bicicleta. O termo tamb\u00e9m <a href=\"https:\/\/twitter.com\/search?q=%23farialimer&amp;src=typed_query\" target=\"_blank\" rel=\"noreferrer noopener\">viralizou nas redes sociais e ganhou v\u00e1rios memes<\/a>.&nbsp;<\/p>\n\n\n\n<h2 class=\"wp-block-heading\"><strong>Por que minha empresa deve estar l\u00e1?<\/strong><\/h2>\n\n\n\n<p>Como falamos mais cedo, a avenida Faria Lima \u00e9 um dos <a href=\"https:\/\/decoracaodeescritorios.com.br\/principais-polos-corporativos-em-sao-paulo-e-seus-predios\/\" target=\"_blank\" rel=\"noreferrer noopener\">principais polos corporativos de S\u00e3o Paulo <\/a>e conta com a presen\u00e7a de grandes empresas, institui\u00e7\u00f5es financeiras e escrit\u00f3rios respeitados.<\/p>\n\n\n\n<p>Como a regi\u00e3o tamb\u00e9m \u00e9 lotada de restaurantes, cafeterias, museus, teatros e lojas, h\u00e1 uma grande circula\u00e7\u00e3o de pessoas, tanto em dias \u00fateis quanto nos finais de semana. Por isso, ter uma empresa situada na Faria Lima traz muitas oportunidades de neg\u00f3cio e d\u00e1 visibilidade para sua companhia.<\/p>\n\n\n\n<p>Afinal, povoar um centro ocupado por gigantes como a Google, <a href=\"https:\/\/www.baguete.com.br\/noticias\/28\/08\/2020\/facebook-aposta-em-novo-predio-em-sao-paulo\" target=\"_blank\" rel=\"noreferrer noopener\">Meta<\/a>, Red Bull, XP Investimentos e Deutsche Bank n\u00e3o \u00e9 para qualquer um, n\u00e3o \u00e9 mesmo?<\/p>\n\n\n\n<p>Acaba que sediar a empresa na Faria Lima passa uma mensagem de credibilidade, liquidez e ascens\u00e3o no mercado.<\/p>\n\n\n\n<p>Ainda n\u00e3o se convenceu? Vamos te dar mais 4 motivos para estabelecer sua empresa na avenida Faria Lima. Continue a leitura!<\/p>\n\n\n\n<h2 class=\"wp-block-heading\"><strong>4 Vantagens da Faria Lima estar no centro econ\u00f4mico de SP<\/strong><\/h2>\n\n\n\n<div style=\"height:50px\" aria-hidden=\"true\" class=\"wp-block-spacer\"><\/div>\n\n\n\n<figure class=\"wp-block-gallery has-nested-images columns-default is-cropped wp-block-gallery-1 is-layout-flex wp-block-gallery-is-layout-flex\">\n<figure class=\"wp-block-image size-large\"><img loading=\"lazy\" decoding=\"async\" width=\"1024\" height=\"512\" data-id=\"835\" src=\"https:\/\/www.victoireimoveis.com.br\/blog\/wp-content\/uploads\/Faria-Lima-2-1024x512.jpg\" alt=\"imagem de pr\u00e9dio na avenida Faria Lima\" class=\"wp-image-835\" srcset=\"https:\/\/www.victoireimoveis.com.br\/blog\/wp-content\/uploads\/Faria-Lima-2-1024x512.jpg 1024w, https:\/\/www.victoireimoveis.com.br\/blog\/wp-content\/uploads\/Faria-Lima-2-300x150.jpg 300w, https:\/\/www.victoireimoveis.com.br\/blog\/wp-content\/uploads\/Faria-Lima-2-768x384.jpg 768w, https:\/\/www.victoireimoveis.com.br\/blog\/wp-content\/uploads\/Faria-Lima-2.jpg 1200w\" sizes=\"auto, (max-width: 1024px) 100vw, 1024px\" \/><\/figure>\n<\/figure>\n\n\n\n<p>O diferencial da avenida Faria Lima \u00e9 que ela est\u00e1 situada em um dos principais centros econ\u00f4micos de S\u00e3o Paulo. Isso representa ganhos em mobilidade, lazer, proximidade com outros estabelecimentos e valoriza\u00e7\u00e3o da regi\u00e3o.<\/p>\n\n\n\n<h3 class=\"wp-block-heading\"><strong>1. Mobilidade&nbsp;<\/strong><\/h3>\n\n\n\n<p>Os Faria Limers se deslocam rapidamente entre um pr\u00e9dio e outro. O tr\u00e2nsito n\u00e3o se difere muito do quadro geral da capital paulista, mas a mobilidade na avenida \u00e9 facilitada pela ciclovia e pelo aluguel de Studios.<\/p>\n\n\n\n<p>Veja como descreveu o <a href=\"https:\/\/exame.com\/casual\/empresas-podem-arrepender-deixar-faria-lima-pandemia\/\" target=\"_blank\" rel=\"noreferrer noopener\">arquiteto e urbanista Anthony Ling<\/a>:<\/p>\n\n\n\n<p>\u201cA verdade \u00e9 que na Faria Lima se est\u00e1 perto de tudo. Os benef\u00edcios s\u00e3o gigantescos. D\u00e1 para se reunir com todo mundo, almo\u00e7ar no Eataly, ir at\u00e9 outro pr\u00e9dio, pegar o patinete e chegar em minutos na outra ponta da avenida. O universo dos \u201cfaria limers\u201d funciona muito bem\u201d.<\/p>\n\n\n\n<p>Al\u00e9m da mobilidade durante o dia de trabalho, o caminho de casa para o escrit\u00f3rio \u00e9 viabilizados pelas avenidas Santo Amaro, Teodoro Sampaio, Cidade Jardim ou Juscelino Kubitschek.&nbsp;<\/p>\n\n\n\n<p>Para quem utiliza o transporte p\u00fablico, v\u00e1rios \u00f4nibus passam no local e h\u00e1 tamb\u00e9m uma esta\u00e7\u00e3o de metr\u00f4, da Linha 4-Amarela, pr\u00f3xima ao Largo da Batata.&nbsp;<\/p>\n\n\n\n<h3 class=\"wp-block-heading\"><strong>2. Estabelecimentos pr\u00f3ximos<\/strong><\/h3>\n\n\n\n<p>Aliada \u00e0 mobilidade, est\u00e1 a disponibilidade de estabelecimentos e servi\u00e7os dos mais variados ramos.<\/p>\n\n\n\n<p>Ao longo da avenida Faria Lima e nas proximidades, encontramos farm\u00e1cias, supermercados, ag\u00eancias banc\u00e1rias, faculdades, escolas, academias, supermercados, shoppings centers, restaurantes e hospitais, al\u00e9m do Mercado Municipal de Pinheiros.<\/p>\n\n\n\n<p>Essas unidades acabam facilitando a vida do empres\u00e1rio ou profissional que trabalha na regi\u00e3o. Nessa perspectiva, h\u00e1, inclusive, quem opte por se mudar para a regi\u00e3o, como aponta a <a href=\"https:\/\/imoveis.estadao.com.br\/investir-imoveis\/bairros-corporativos-atraem-moradores-e-transformam-paisagem-urbana\/\" target=\"_blank\" rel=\"noreferrer noopener\">mat\u00e9ria do Estad\u00e3o<\/a>. Sem ter que percorrer longas dist\u00e2ncias, \u00e9 poss\u00edvel resolver alguma quest\u00e3o no hor\u00e1rio de almo\u00e7o, treinar antes ou depois do trabalho, ir para a faculdade, fazer uma comprinha depois do expediente ou passar para buscar o filho na escola.<\/p>\n\n\n\n<h3 class=\"wp-block-heading\"><strong>3. Valoriza\u00e7\u00e3o imobili\u00e1ria<\/strong><\/h3>\n\n\n\n<p>Como j\u00e1 mencionamos, a regi\u00e3o da Faria Lima \u00e9 uma das mais valorizadas no mercado imobili\u00e1rio de S\u00e3o Paulo. No primeiro trimestre deste ano, a <a href=\"https:\/\/exame.com\/colunistas\/genoma-imobiliario\/o-que-acontece-quando-faltam-escritorios-em-um-endereco-tradicional-como-a-faria-lima\/\" target=\"_blank\" rel=\"noreferrer noopener\">taxa de vac\u00e2ncia na regi\u00e3o, da Faria Lima chegou a 8,1%, segundo relat\u00f3rio First Look, da JLL<\/a>, e a tend\u00eancia \u00e9 continuar diminuindo. Al\u00e9m disso, o metro quadrado empresarial na avenida \u00e9 ainda o mais caro da cidade.<\/p>\n\n\n\n<p>Isso significa que um im\u00f3vel adquirido na Faria Lima tem grandes chances de valorizar com o tempo, trazendo estabilidade e potencial de lucro para o propriet\u00e1rio, em caso de necessidade de revenda.&nbsp;<\/p>\n\n\n\n<h3 class=\"wp-block-heading\"><strong>4. Lazer<\/strong><\/h3>\n\n\n\n<p>Depois de cumprir o expediente, nada melhor que curtir o Happy Hour com os colegas da empresa, n\u00e3o \u00e9 mesmo? Por comodidade e log\u00edstica, os bares e restaurantes pr\u00f3ximos ao escrit\u00f3rios s\u00e3o os mais apropriados.&nbsp;<\/p>\n\n\n\n<p>E a regi\u00e3o da avenida Faria Lima n\u00e3o tem nada a perder no quesito de lazer e entretenimento. H\u00e1 v\u00e1rias boates, clubes e bares nas redondezas.<\/p>\n\n\n\n<p>No hor\u00e1rio de almo\u00e7o, tamb\u00e9m \u00e9 poss\u00edvel curtir uma m\u00fasica ao vivo nos restaurantes, ou visitar o Shopping Iguatemi.<\/p>\n\n\n\n<h2 class=\"wp-block-heading\"><strong>Qual o valor do m\u00b2 na Faria Lima?<\/strong><\/h2>\n\n\n\n<div style=\"height:60px\" aria-hidden=\"true\" class=\"wp-block-spacer\"><\/div>\n\n\n\n<figure class=\"wp-block-gallery has-nested-images columns-default is-cropped wp-block-gallery-2 is-layout-flex wp-block-gallery-is-layout-flex\">\n<figure class=\"wp-block-image size-large\"><img loading=\"lazy\" decoding=\"async\" width=\"1024\" height=\"512\" data-id=\"836\" src=\"https:\/\/www.victoireimoveis.com.br\/blog\/wp-content\/uploads\/Faria-lima-3-1024x512.jpg\" alt=\"imagem de pr\u00e9dios na avenida Brigadeiro Faria Lima\" class=\"wp-image-836\" srcset=\"https:\/\/www.victoireimoveis.com.br\/blog\/wp-content\/uploads\/Faria-lima-3-1024x512.jpg 1024w, https:\/\/www.victoireimoveis.com.br\/blog\/wp-content\/uploads\/Faria-lima-3-300x150.jpg 300w, https:\/\/www.victoireimoveis.com.br\/blog\/wp-content\/uploads\/Faria-lima-3-768x384.jpg 768w, https:\/\/www.victoireimoveis.com.br\/blog\/wp-content\/uploads\/Faria-lima-3.jpg 1200w\" sizes=\"auto, (max-width: 1024px) 100vw, 1024px\" \/><\/figure>\n<\/figure>\n\n\n\n<p>Segundo a <a href=\"https:\/\/siila.com.br\/\" target=\"_blank\" rel=\"noreferrer noopener\">consultoria SiiLa Brasil,<\/a> o metro quadrado dos im\u00f3veis comerciais e corporativos na regi\u00e3o custa aproximadamente R$ 170, para aluguel. Com o metro quadrado empresarial mais caro da capital paulista, a Faria Lima \u00e9 a localiza\u00e7\u00e3o mais almejada pelas empresas.&nbsp;<\/p>\n\n\n\n<p>A <a href=\"https:\/\/www.siilabrasil.blog\/post\/faria-lima-est%C3%A1-lotada-e-ocupa%C3%A7%C3%A3o-de-escrit%C3%B3rios-bate-recorde\" target=\"_blank\" rel=\"noreferrer noopener\">taxa de ocupa\u00e7\u00e3o na regi\u00e3o atingiu 94,33%<\/a> no quarto trimestre de 2021, batendo recorde na s\u00e9rie hist\u00f3rica acompanhada pela SiiLa. A expans\u00e3o aconteceu depois do avan\u00e7o da vacina\u00e7\u00e3o contra Covid-19 no pa\u00eds e marcou o retorno das empresas do home office.<\/p>\n\n\n\n<p>Confira os <a href=\"https:\/\/www.victoireimoveis.com.br\/imoveis\/busca?negociacao%5B%5D=2&amp;tipo_imovel%5B%5D=5&amp;tipo_imovel%5B%5D=10&amp;tipo_imovel%5B%5D=12&amp;estado=30&amp;cidade=5&amp;bairro=135&amp;minvalor=100&amp;maxvalor=900&amp;minquartos=1&amp;maxquartos=6&amp;minbanheiros=1&amp;maxbanheiros=6&amp;minsuites=1&amp;maxsuites=6\" target=\"_blank\" rel=\"noreferrer noopener\">valores e a metagrem das nossas lajes corporativas, salas comerciais e edif\u00edcios comerciais situados na avenida Faria Lima aqui.<\/a><\/p>\n\n\n\n<h2 class=\"wp-block-heading\"><strong>Quais empresas est\u00e3o na Faria Lima?<\/strong><\/h2>\n\n\n\n<p>Conhe\u00e7a algumas empresas situadas na avenida Faria Lima:<\/p>\n\n\n\n<ul class=\"wp-block-list\">\n<li>Advocacia S\u00e9rgio de Magalh\u00e3es Filho<\/li>\n\n\n\n<li>A2 M\u00eddia e Pesquisa de Mercado<\/li>\n\n\n\n<li>Abcem Associa\u00e7\u00e3o Brasileira Constru\u00e7\u00e3o Met\u00e1lica<\/li>\n\n\n\n<li>Accessorize London<\/li>\n\n\n\n<li>\u00c1gua de Cheiro<\/li>\n\n\n\n<li>Akg Consultoria<\/li>\n\n\n\n<li>Alfa Servi\u00e7os M\u00e9dicos<\/li>\n\n\n\n<li>Ambiental Viagens e Turismo<\/li>\n\n\n\n<li>Amazon Zoo<\/li>\n\n\n\n<li>Ams International Gest\u00e3o Financeira<\/li>\n\n\n\n<li>Arena Factus Contabilidade<\/li>\n\n\n\n<li>Astran<\/li>\n\n\n\n<li>Avipam Turismo C\u00e2mbio<\/li>\n\n\n\n<li>Banco do Brasil<\/li>\n\n\n\n<li>Banco Estado S\u00e3o Paulo S\/a Banespa<\/li>\n\n\n\n<li>Banco Ita\u00fa<\/li>\n\n\n\n<li>Banco Kdb Brasil<\/li>\n\n\n\n<li>Banco Rendimento<\/li>\n\n\n\n<li>Banco Santander<\/li>\n\n\n\n<li>Banco Standard Investimentos<\/li>\n\n\n\n<li>Banco Sudameris Brasil Sa<\/li>\n\n\n\n<li>Bang &amp; Olufsen<\/li>\n\n\n\n<li>Buzolin Construtora<\/li>\n\n\n\n<li>Caixa Econ\u00f4mica Federal<\/li>\n\n\n\n<li>Capital Ville<\/li>\n\n\n\n<li>Casa Cor Promo\u00e7\u00f5es Comercial<\/li>\n\n\n\n<li>Chase Manhattan Holdings&nbsp;<\/li>\n\n\n\n<li>Cena<\/li>\n\n\n\n<li>Citifinancial<\/li>\n\n\n\n<li>D\u00e9cio Freire e Advogados Associados&nbsp;<\/li>\n\n\n\n<li>Directbase<\/li>\n\n\n\n<li>Eva S.Kracochansky Interiores&nbsp;<\/li>\n\n\n\n<li>Google<\/li>\n\n\n\n<li>Hsbc Bank Brasil S\/a &#8211; Banco M\u00faltiplo<\/li>\n\n\n\n<li>Jc Marrach Comercial Importadora<\/li>\n\n\n\n<li>Klick Net<\/li>\n\n\n\n<li>Lacan Agente Aut\u00f4nomo de Investimentos<\/li>\n\n\n\n<li>Lazer Tem\u00e1tico<\/li>\n\n\n\n<li>Lecosti<\/li>\n\n\n\n<li>Lkl Participa\u00e7\u00f5es<\/li>\n\n\n\n<li>M.a. de Oliveira &#8211; Sociedade de Advogados<\/li>\n\n\n\n<li>Meta (Facebook)<\/li>\n\n\n\n<li>Modas Collins<\/li>\n\n\n\n<li>Officer Bmw<\/li>\n\n\n\n<li>Pir\u00e2mide<\/li>\n\n\n\n<li>Prados Zogib Arquitetura<\/li>\n\n\n\n<li>Red Bull<\/li>\n\n\n\n<li>Rosenthal Advogados Associados<\/li>\n\n\n\n<li>Santa Esperan\u00e7a Neg\u00f3cios e Participa\u00e7\u00f5es<\/li>\n\n\n\n<li>T\u00e2nia Maria Velloso Keller<\/li>\n\n\n\n<li>XP Investimentos<\/li>\n<\/ul>\n\n\n\n<h2 class=\"wp-block-heading\"><strong>Conclus\u00e3o<\/strong><\/h2>\n\n\n\n<figure class=\"wp-block-gallery has-nested-images columns-default is-cropped wp-block-gallery-3 is-layout-flex wp-block-gallery-is-layout-flex\">\n<figure class=\"wp-block-image size-large\"><img loading=\"lazy\" decoding=\"async\" width=\"1024\" height=\"512\" data-id=\"837\" src=\"https:\/\/www.victoireimoveis.com.br\/blog\/wp-content\/uploads\/Faria-lima-4-1024x512.jpg\" alt=\"imagem de edif\u00edcios na avenida faria lima\" class=\"wp-image-837\" srcset=\"https:\/\/www.victoireimoveis.com.br\/blog\/wp-content\/uploads\/Faria-lima-4-1024x512.jpg 1024w, https:\/\/www.victoireimoveis.com.br\/blog\/wp-content\/uploads\/Faria-lima-4-300x150.jpg 300w, https:\/\/www.victoireimoveis.com.br\/blog\/wp-content\/uploads\/Faria-lima-4-768x384.jpg 768w, https:\/\/www.victoireimoveis.com.br\/blog\/wp-content\/uploads\/Faria-lima-4.jpg 1200w\" sizes=\"auto, (max-width: 1024px) 100vw, 1024px\" \/><\/figure>\n<\/figure>\n\n\n\n<p>Agora voc\u00ea j\u00e1 sabe como a avenida Faria Lima \u00e9 importante para os neg\u00f3cios de S\u00e3o Paulo, do Brasil e do mundo. A via que cruza os bairros de Itaim Bibi, Pinheiros, Jardim Europa, Vila Nova Concei\u00e7\u00e3o e Vila Ol\u00edmpia \u00e9 ocupada por diversas empresas, bancos e fundos de investimento.<\/p>\n\n\n\n<p>As principais vantagens da regi\u00e3o s\u00e3o a mobilidade f\u00e1cil, a valoriza\u00e7\u00e3o imobili\u00e1ria, a variedade de estabelecimentos e as op\u00e7\u00f5es de lazer por perto. A avenida tamb\u00e9m tem grande circula\u00e7\u00e3o de pessoas todos os dias da semana, o que aumenta a visibilidade das empresas situadas ali.Quer fazer parte dessas empresas? Conhe\u00e7a nossos <a href=\"https:\/\/www.victoireimoveis.com.br\/imoveis\/busca?negociacao%5B%5D=2&amp;tipo_imovel%5B%5D=5&amp;tipo_imovel%5B%5D=10&amp;tipo_imovel%5B%5D=12&amp;estado=30&amp;cidade=5&amp;bairro=135&amp;minvalor=100&amp;maxvalor=900&amp;minquartos=1&amp;maxquartos=6&amp;minbanheiros=1&amp;maxbanheiros=6&amp;minsuites=1&amp;maxsuites=6\" target=\"_blank\" rel=\"noreferrer noopener\">im\u00f3veis corporativos na Faria Lima<\/a><\/p>\n","protected":false},"excerpt":{"rendered":"<p>Uma das principais avenidas da cidade de S\u00e3o Paulo e um dos centros empresariais mais respeitados da capital paulista \u00e9 a Avenida Brigadeiro Faria Lima.&nbsp; Por l\u00e1, est\u00e3o os escrit\u00f3rios do Google, da Meta (dona do Facebook) e da Red Bull, o banco alem\u00e3o Deutsche Bank, os consulados da Alemanha e dos Pa\u00edses Baixos, al\u00e9m [&hellip;]<\/p>\n","protected":false},"author":4,"featured_media":841,"comment_status":"open","ping_status":"open","sticky":false,"template":"","format":"standard","meta":{"footnotes":""},"categories":[21],"tags":[],"class_list":["post-833","post","type-post","status-publish","format-standard","has-post-thumbnail","hentry","category-sao-paulo"],"yoast_head":"<!-- This site is optimized with the Yoast SEO plugin v20.9 - https:\/\/yoast.com\/wordpress\/plugins\/seo\/ -->\n<title>Quais as vantagens de ter uma empresa na Av. Faria Lima?<\/title>\n<meta name=\"description\" content=\"Descubra as vantagens de sediar sua empresa na avenida Faria Lima, um dos principais polos comerciais de S\u00e3o Paulo\" \/>\n<meta name=\"robots\" content=\"index, follow, max-snippet:-1, max-image-preview:large, max-video-preview:-1\" \/>\n<link rel=\"canonical\" href=\"https:\/\/www.victoireimoveis.com.br\/blog\/faria-lima\/\" \/>\n<meta property=\"og:locale\" content=\"pt_BR\" \/>\n<meta property=\"og:type\" content=\"article\" \/>\n<meta property=\"og:title\" content=\"Quais as vantagens de ter uma empresa na Av. Faria Lima?\" \/>\n<meta property=\"og:description\" content=\"Descubra as vantagens de sediar sua empresa na avenida Faria Lima, um dos principais polos comerciais de S\u00e3o Paulo\" \/>\n<meta property=\"og:url\" content=\"https:\/\/www.victoireimoveis.com.br\/blog\/faria-lima\/\" \/>\n<meta property=\"og:site_name\" content=\"Blog Victoire\" \/>\n<meta property=\"article:published_time\" content=\"2023-01-26T17:00:00+00:00\" \/>\n<meta property=\"article:modified_time\" content=\"2023-02-02T17:45:04+00:00\" \/>\n<meta property=\"og:image\" content=\"https:\/\/www.victoireimoveis.com.br\/blog\/wp-content\/uploads\/faria-lima-6.jpg\" \/>\n\t<meta property=\"og:image:width\" content=\"1200\" \/>\n\t<meta property=\"og:image:height\" content=\"600\" \/>\n\t<meta property=\"og:image:type\" content=\"image\/jpeg\" \/>\n<meta name=\"author\" content=\"rankrup\" \/>\n<meta name=\"twitter:card\" content=\"summary_large_image\" \/>\n<meta name=\"twitter:label1\" content=\"Escrito por\" \/>\n\t<meta name=\"twitter:data1\" content=\"rankrup\" \/>\n\t<meta name=\"twitter:label2\" content=\"Est. tempo de leitura\" \/>\n\t<meta name=\"twitter:data2\" content=\"9 minutos\" \/>\n<script type=\"application\/ld+json\" class=\"yoast-schema-graph\">{\"@context\":\"https:\/\/schema.org\",\"@graph\":[{\"@type\":\"Article\",\"@id\":\"https:\/\/www.victoireimoveis.com.br\/blog\/faria-lima\/#article\",\"isPartOf\":{\"@id\":\"https:\/\/www.victoireimoveis.com.br\/blog\/faria-lima\/\"},\"author\":{\"name\":\"rankrup\",\"@id\":\"https:\/\/www.victoireimoveis.com.br\/blog\/#\/schema\/person\/f1b758f2e14a29fb4179c99c574e5483\"},\"headline\":\"Quais as vantagens de ter uma empresa na Av. Faria Lima?\",\"datePublished\":\"2023-01-26T17:00:00+00:00\",\"dateModified\":\"2023-02-02T17:45:04+00:00\",\"mainEntityOfPage\":{\"@id\":\"https:\/\/www.victoireimoveis.com.br\/blog\/faria-lima\/\"},\"wordCount\":1650,\"commentCount\":0,\"publisher\":{\"@id\":\"https:\/\/www.victoireimoveis.com.br\/blog\/#organization\"},\"articleSection\":[\"S\u00e3o Paulo\"],\"inLanguage\":\"pt-BR\",\"potentialAction\":[{\"@type\":\"CommentAction\",\"name\":\"Comment\",\"target\":[\"https:\/\/www.victoireimoveis.com.br\/blog\/faria-lima\/#respond\"]}]},{\"@type\":\"WebPage\",\"@id\":\"https:\/\/www.victoireimoveis.com.br\/blog\/faria-lima\/\",\"url\":\"https:\/\/www.victoireimoveis.com.br\/blog\/faria-lima\/\",\"name\":\"Quais as vantagens de ter uma empresa na Av. Faria Lima?\",\"isPartOf\":{\"@id\":\"https:\/\/www.victoireimoveis.com.br\/blog\/#website\"},\"datePublished\":\"2023-01-26T17:00:00+00:00\",\"dateModified\":\"2023-02-02T17:45:04+00:00\",\"description\":\"Descubra as vantagens de sediar sua empresa na avenida Faria Lima, um dos principais polos comerciais de S\u00e3o Paulo\",\"breadcrumb\":{\"@id\":\"https:\/\/www.victoireimoveis.com.br\/blog\/faria-lima\/#breadcrumb\"},\"inLanguage\":\"pt-BR\",\"potentialAction\":[{\"@type\":\"ReadAction\",\"target\":[\"https:\/\/www.victoireimoveis.com.br\/blog\/faria-lima\/\"]}]},{\"@type\":\"BreadcrumbList\",\"@id\":\"https:\/\/www.victoireimoveis.com.br\/blog\/faria-lima\/#breadcrumb\",\"itemListElement\":[{\"@type\":\"ListItem\",\"position\":1,\"name\":\"In\u00edcio\",\"item\":\"https:\/\/www.victoireimoveis.com.br\/blog\/\"},{\"@type\":\"ListItem\",\"position\":2,\"name\":\"S\u00e3o Paulo\",\"item\":\"https:\/\/www.victoireimoveis.com.br\/blog\/category\/sao-paulo\/\"},{\"@type\":\"ListItem\",\"position\":3,\"name\":\"Quais as vantagens de ter uma empresa na Av. Faria Lima?\"}]},{\"@type\":\"WebSite\",\"@id\":\"https:\/\/www.victoireimoveis.com.br\/blog\/#website\",\"url\":\"https:\/\/www.victoireimoveis.com.br\/blog\/\",\"name\":\"Blog Victoire\",\"description\":\"\",\"publisher\":{\"@id\":\"https:\/\/www.victoireimoveis.com.br\/blog\/#organization\"},\"potentialAction\":[{\"@type\":\"SearchAction\",\"target\":{\"@type\":\"EntryPoint\",\"urlTemplate\":\"https:\/\/www.victoireimoveis.com.br\/blog\/?s={search_term_string}\"},\"query-input\":\"required name=search_term_string\"}],\"inLanguage\":\"pt-BR\"},{\"@type\":\"Organization\",\"@id\":\"https:\/\/www.victoireimoveis.com.br\/blog\/#organization\",\"name\":\"Victoire Im\u00f3veis\",\"url\":\"https:\/\/www.victoireimoveis.com.br\/blog\/\",\"logo\":{\"@type\":\"ImageObject\",\"inLanguage\":\"pt-BR\",\"@id\":\"https:\/\/www.victoireimoveis.com.br\/blog\/#\/schema\/logo\/image\/\",\"url\":\"\",\"contentUrl\":\"\",\"caption\":\"Victoire Im\u00f3veis\"},\"image\":{\"@id\":\"https:\/\/www.victoireimoveis.com.br\/blog\/#\/schema\/logo\/image\/\"}},{\"@type\":\"Person\",\"@id\":\"https:\/\/www.victoireimoveis.com.br\/blog\/#\/schema\/person\/f1b758f2e14a29fb4179c99c574e5483\",\"name\":\"rankrup\",\"image\":{\"@type\":\"ImageObject\",\"inLanguage\":\"pt-BR\",\"@id\":\"https:\/\/www.victoireimoveis.com.br\/blog\/#\/schema\/person\/image\/\",\"url\":\"https:\/\/secure.gravatar.com\/avatar\/c2c2456ec18602f93289f96818aac7de2f687a038b1d1abb034bd7d68edf5e64?s=96&d=mm&r=g\",\"contentUrl\":\"https:\/\/secure.gravatar.com\/avatar\/c2c2456ec18602f93289f96818aac7de2f687a038b1d1abb034bd7d68edf5e64?s=96&d=mm&r=g\",\"caption\":\"rankrup\"},\"url\":\"https:\/\/www.victoireimoveis.com.br\/blog\/author\/rankrup\/\"}]}<\/script>\n<!-- \/ Yoast SEO plugin. -->","yoast_head_json":{"title":"Quais as vantagens de ter uma empresa na Av. Faria Lima?","description":"Descubra as vantagens de sediar sua empresa na avenida Faria Lima, um dos principais polos comerciais de S\u00e3o Paulo","robots":{"index":"index","follow":"follow","max-snippet":"max-snippet:-1","max-image-preview":"max-image-preview:large","max-video-preview":"max-video-preview:-1"},"canonical":"https:\/\/www.victoireimoveis.com.br\/blog\/faria-lima\/","og_locale":"pt_BR","og_type":"article","og_title":"Quais as vantagens de ter uma empresa na Av. Faria Lima?","og_description":"Descubra as vantagens de sediar sua empresa na avenida Faria Lima, um dos principais polos comerciais de S\u00e3o Paulo","og_url":"https:\/\/www.victoireimoveis.com.br\/blog\/faria-lima\/","og_site_name":"Blog Victoire","article_published_time":"2023-01-26T17:00:00+00:00","article_modified_time":"2023-02-02T17:45:04+00:00","og_image":[{"width":1200,"height":600,"url":"https:\/\/www.victoireimoveis.com.br\/blog\/wp-content\/uploads\/faria-lima-6.jpg","type":"image\/jpeg"}],"author":"rankrup","twitter_card":"summary_large_image","twitter_misc":{"Escrito por":"rankrup","Est. tempo de leitura":"9 minutos"},"schema":{"@context":"https:\/\/schema.org","@graph":[{"@type":"Article","@id":"https:\/\/www.victoireimoveis.com.br\/blog\/faria-lima\/#article","isPartOf":{"@id":"https:\/\/www.victoireimoveis.com.br\/blog\/faria-lima\/"},"author":{"name":"rankrup","@id":"https:\/\/www.victoireimoveis.com.br\/blog\/#\/schema\/person\/f1b758f2e14a29fb4179c99c574e5483"},"headline":"Quais as vantagens de ter uma empresa na Av. Faria Lima?","datePublished":"2023-01-26T17:00:00+00:00","dateModified":"2023-02-02T17:45:04+00:00","mainEntityOfPage":{"@id":"https:\/\/www.victoireimoveis.com.br\/blog\/faria-lima\/"},"wordCount":1650,"commentCount":0,"publisher":{"@id":"https:\/\/www.victoireimoveis.com.br\/blog\/#organization"},"articleSection":["S\u00e3o Paulo"],"inLanguage":"pt-BR","potentialAction":[{"@type":"CommentAction","name":"Comment","target":["https:\/\/www.victoireimoveis.com.br\/blog\/faria-lima\/#respond"]}]},{"@type":"WebPage","@id":"https:\/\/www.victoireimoveis.com.br\/blog\/faria-lima\/","url":"https:\/\/www.victoireimoveis.com.br\/blog\/faria-lima\/","name":"Quais as vantagens de ter uma empresa na Av. Faria Lima?","isPartOf":{"@id":"https:\/\/www.victoireimoveis.com.br\/blog\/#website"},"datePublished":"2023-01-26T17:00:00+00:00","dateModified":"2023-02-02T17:45:04+00:00","description":"Descubra as vantagens de sediar sua empresa na avenida Faria Lima, um dos principais polos comerciais de S\u00e3o Paulo","breadcrumb":{"@id":"https:\/\/www.victoireimoveis.com.br\/blog\/faria-lima\/#breadcrumb"},"inLanguage":"pt-BR","potentialAction":[{"@type":"ReadAction","target":["https:\/\/www.victoireimoveis.com.br\/blog\/faria-lima\/"]}]},{"@type":"BreadcrumbList","@id":"https:\/\/www.victoireimoveis.com.br\/blog\/faria-lima\/#breadcrumb","itemListElement":[{"@type":"ListItem","position":1,"name":"In\u00edcio","item":"https:\/\/www.victoireimoveis.com.br\/blog\/"},{"@type":"ListItem","position":2,"name":"S\u00e3o Paulo","item":"https:\/\/www.victoireimoveis.com.br\/blog\/category\/sao-paulo\/"},{"@type":"ListItem","position":3,"name":"Quais as vantagens de ter uma empresa na Av. Faria Lima?"}]},{"@type":"WebSite","@id":"https:\/\/www.victoireimoveis.com.br\/blog\/#website","url":"https:\/\/www.victoireimoveis.com.br\/blog\/","name":"Blog Victoire","description":"","publisher":{"@id":"https:\/\/www.victoireimoveis.com.br\/blog\/#organization"},"potentialAction":[{"@type":"SearchAction","target":{"@type":"EntryPoint","urlTemplate":"https:\/\/www.victoireimoveis.com.br\/blog\/?s={search_term_string}"},"query-input":"required name=search_term_string"}],"inLanguage":"pt-BR"},{"@type":"Organization","@id":"https:\/\/www.victoireimoveis.com.br\/blog\/#organization","name":"Victoire Im\u00f3veis","url":"https:\/\/www.victoireimoveis.com.br\/blog\/","logo":{"@type":"ImageObject","inLanguage":"pt-BR","@id":"https:\/\/www.victoireimoveis.com.br\/blog\/#\/schema\/logo\/image\/","url":"","contentUrl":"","caption":"Victoire Im\u00f3veis"},"image":{"@id":"https:\/\/www.victoireimoveis.com.br\/blog\/#\/schema\/logo\/image\/"}},{"@type":"Person","@id":"https:\/\/www.victoireimoveis.com.br\/blog\/#\/schema\/person\/f1b758f2e14a29fb4179c99c574e5483","name":"rankrup","image":{"@type":"ImageObject","inLanguage":"pt-BR","@id":"https:\/\/www.victoireimoveis.com.br\/blog\/#\/schema\/person\/image\/","url":"https:\/\/secure.gravatar.com\/avatar\/c2c2456ec18602f93289f96818aac7de2f687a038b1d1abb034bd7d68edf5e64?s=96&d=mm&r=g","contentUrl":"https:\/\/secure.gravatar.com\/avatar\/c2c2456ec18602f93289f96818aac7de2f687a038b1d1abb034bd7d68edf5e64?s=96&d=mm&r=g","caption":"rankrup"},"url":"https:\/\/www.victoireimoveis.com.br\/blog\/author\/rankrup\/"}]}},"_links":{"self":[{"href":"https:\/\/www.victoireimoveis.com.br\/blog\/wp-json\/wp\/v2\/posts\/833","targetHints":{"allow":["GET"]}}],"collection":[{"href":"https:\/\/www.victoireimoveis.com.br\/blog\/wp-json\/wp\/v2\/posts"}],"about":[{"href":"https:\/\/www.victoireimoveis.com.br\/blog\/wp-json\/wp\/v2\/types\/post"}],"author":[{"embeddable":true,"href":"https:\/\/www.victoireimoveis.com.br\/blog\/wp-json\/wp\/v2\/users\/4"}],"replies":[{"embeddable":true,"href":"https:\/\/www.victoireimoveis.com.br\/blog\/wp-json\/wp\/v2\/comments?post=833"}],"version-history":[{"count":7,"href":"https:\/\/www.victoireimoveis.com.br\/blog\/wp-json\/wp\/v2\/posts\/833\/revisions"}],"predecessor-version":[{"id":903,"href":"https:\/\/www.victoireimoveis.com.br\/blog\/wp-json\/wp\/v2\/posts\/833\/revisions\/903"}],"wp:featuredmedia":[{"embeddable":true,"href":"https:\/\/www.victoireimoveis.com.br\/blog\/wp-json\/wp\/v2\/media\/841"}],"wp:attachment":[{"href":"https:\/\/www.victoireimoveis.com.br\/blog\/wp-json\/wp\/v2\/media?parent=833"}],"wp:term":[{"taxonomy":"category","embeddable":true,"href":"https:\/\/www.victoireimoveis.com.br\/blog\/wp-json\/wp\/v2\/categories?post=833"},{"taxonomy":"post_tag","embeddable":true,"href":"https:\/\/www.victoireimoveis.com.br\/blog\/wp-json\/wp\/v2\/tags?post=833"}],"curies":[{"name":"wp","href":"https:\/\/api.w.org\/{rel}","templated":true}]}}